{"id":24325,"date":"2020-03-24T09:59:27","date_gmt":"2020-03-24T08:59:27","guid":{"rendered":"https:\/\/www.leutenegger.com\/?p=24325"},"modified":"2023-02-14T08:57:17","modified_gmt":"2023-02-14T07:57:17","slug":"lf-unterzeichnet-die-sicherheits-charta-der-suva","status":"publish","type":"post","link":"https:\/\/www.leutenegger.com\/en\/lf-unterzeichnet-die-sicherheits-charta-der-suva\/","title":{"rendered":"L+F unterzeichnet die Sicherheits-Charta der SUVA"},"content":{"rendered":"<div class=\"fusion-fullwidth fullwidth-box fusion-builder-row-1 fusion-flex-container nonhundred-percent-fullwidth non-hundred-percent-height-scrolling\" style=\"--awb-border-radius-top-left:0px;--awb-border-radius-top-right:0px;--awb-border-radius-bottom-right:0px;--awb-border-radius-bottom-left:0px;--awb-flex-wrap:wrap;\" ><div class=\"fusion-builder-row fusion-row fusion-flex-align-items-flex-start fusion-flex-justify-content-center fusion-flex-content-wrap\" style=\"max-width:1331.2px;margin-left: calc(-4% \/ 2 );margin-right: calc(-4% \/ 2 );\"><div class=\"fusion-layout-column fusion_builder_column fusion-builder-column-0 fusion_builder_column_1_1 1_1 fusion-flex-column\" style=\"--awb-bg-size:cover;--awb-width-large:100%;--awb-margin-top-large:15px;--awb-spacing-right-large:1.92%;--awb-margin-bottom-large:15px;--awb-spacing-left-large:1.92%;--awb-width-medium:100%;--awb-order-medium:0;--awb-spacing-right-medium:1.92%;--awb-spacing-left-medium:1.92%;--awb-width-small:100%;--awb-order-small:0;--awb-spacing-right-small:1.92%;--awb-spacing-left-small:1.92%;\"><div class=\"fusion-column-wrapper fusion-column-has-shadow fusion-flex-justify-content-flex-start fusion-content-layout-column\"><div class=\"fusion-title title fusion-title-1 fusion-title-text fusion-title-size-one\" style=\"--awb-text-color:var(--awb-color1);\"><div class=\"title-sep-container title-sep-container-left fusion-no-large-visibility fusion-no-medium-visibility fusion-no-small-visibility\"><div class=\"title-sep sep- sep-solid\" style=\"border-color:#e0dede;\"><\/div><\/div><span class=\"awb-title-spacer fusion-no-large-visibility fusion-no-medium-visibility fusion-no-small-visibility\"><\/span><h1 class=\"fusion-title-heading title-heading-left fusion-responsive-typography-calculated\" style=\"font-family:var(--awb-typography1-font-family);font-weight:var(--awb-typography1-font-weight);font-style:var(--awb-typography1-font-style);margin:0;--fontSize:48;line-height:var(--awb-typography1-line-height);\">L+F unterzeichnet die Sicherheits-Charta der SUVA<\/h1><span class=\"awb-title-spacer\"><\/span><div class=\"title-sep-container title-sep-container-right\"><div class=\"title-sep sep- sep-solid\" style=\"border-color:#e0dede;\"><\/div><\/div><\/div><div class=\"fusion-text fusion-text-1\" style=\"--awb-font-size:var(--awb-typography3-font-size);--awb-line-height:var(--awb-typography3-line-height);--awb-letter-spacing:var(--awb-typography3-letter-spacing);--awb-text-transform:var(--awb-typography3-text-transform);--awb-text-font-family:var(--awb-typography3-font-family);--awb-text-font-weight:var(--awb-typography3-font-weight);--awb-text-font-style:var(--awb-typography3-font-style);\"><p><b>\u00abSicherheit und Gesundheit gehen vor!\u00bb<\/b><\/p>\n<\/div><div class=\"fusion-text fusion-text-2\" style=\"--awb-text-transform:none;--awb-text-font-family:var(--awb-typography4-font-family);--awb-text-font-weight:var(--awb-typography4-font-weight);--awb-text-font-style:var(--awb-typography4-font-style);\"><p>In unserem Unternehmen mit mehr als 60 Mitarbeitern am Standort Andwil im Kanton St. Gallen, wird das Thema Sicherheit grossgeschrieben. Dies sowohl im Produktionsbereich in Andwil SG, sowie auch auf unseren Baustellen vor Ort bei unseren Kunden, die europaweit verstreut sind. Das Ziel ist, die Unfallrate weiterhin auf tiefem Niveau zu halten und stetig zu reduzieren. Nicht nur deshalb hat die Firma Leutenegger + Frei AG die Sicherheits-Charta der SUVA unterzeichnet.<\/p>\n<p>Die Firma Leutenegger + Frei AG steht f\u00fcr Innovation und Fortschritt, auch im Bereich des Sicherheits- und Gesundheitsschutzes. Damit wollen wir ein Zeichnen setzen und unseren Kunden, Lieferanten und Partnern aufzeigen, dass uns die Sicherheit und Gesundheit unserer Mitarbeitenden und Partnern von h\u00f6chster Priorit\u00e4t ist.<\/p>\n<p>\u00abSicherheit und Gesundheit gehen vor!\u00bb<\/p>\n<p>Um unsere Mitarbeitenden zu sch\u00fctzen und unsere Arbeitssicherheitsaktivit\u00e4ten zu lenken, f\u00fchrt das Unternehmen zehn lebenswichtige Sicherheitsregeln ein und \u00fcberwacht konsequent deren Umsetzung.<\/p>\n<\/div><div ><a class=\"fusion-button button-flat fusion-button-default-size button-default fusion-button-default button-1 fusion-button-default-span fusion-button-default-type\" style=\"--button-border-radius-top-left:4px;--button-border-radius-top-right:4px;--button-border-radius-bottom-right:4px;--button-border-radius-bottom-left:4px;--button_text_transform:var(--awb-custom_typography_2-text-transform);--button_font_size:var(--awb-custom_typography_2-font-size);--button_line_height:var(--awb-custom_typography_2-line-height);--button_typography-letter-spacing:var(--awb-custom_typography_2-letter-spacing);--button_typography-font-family:var(--awb-custom_typography_2-font-family);--button_typography-font-weight:var(--awb-custom_typography_2-font-weight);--button_typography-font-style:var(--awb-custom_typography_2-font-style);--button_margin-top:30px;\" target=\"_blank\" rel=\"noopener noreferrer\" href=\"https:\/\/www.leutenegger.com\/en\/news\/\"><span class=\"fusion-button-text awb-button__text awb-button__text--default\">Back to overview<\/span><\/a><\/div><\/div><\/div><\/div><\/div>","protected":false},"excerpt":{"rendered":"","protected":false},"author":1,"featured_media":25440,"comment_status":"closed","ping_status":"closed","sticky":false,"template":"","format":"standard","meta":{"footnotes":""},"categories":[1],"tags":[],"class_list":["post-24325","post","type-post","status-publish","format-standard","has-post-thumbnail","hentry","category-aktuell"],"acf":[],"yoast_head":"<!-- This site is optimized with the Yoast SEO plugin v26.7 - https:\/\/yoast.com\/wordpress\/plugins\/seo\/ -->\n<title>L+F unterzeichnet die Sicherheits-Charta der SUVA &#8211; Leutenegger + Frei AG<\/title>\n<meta name=\"robots\" content=\"index, follow, max-snippet:-1, max-image-preview:large, max-video-preview:-1\" \/>\n<link rel=\"canonical\" href=\"https:\/\/www.leutenegger.com\/en\/lf-unterzeichnet-die-sicherheits-charta-der-suva\/\" \/>\n<meta property=\"og:locale\" content=\"en_US\" \/>\n<meta property=\"og:type\" content=\"article\" \/>\n<meta property=\"og:title\" content=\"L+F unterzeichnet die Sicherheits-Charta der SUVA &#8211; Leutenegger + Frei AG\" \/>\n<meta property=\"og:url\" content=\"https:\/\/www.leutenegger.com\/en\/lf-unterzeichnet-die-sicherheits-charta-der-suva\/\" \/>\n<meta property=\"og:site_name\" content=\"Leutenegger + Frei AG\" \/>\n<meta property=\"article:published_time\" content=\"2020-03-24T08:59:27+00:00\" \/>\n<meta property=\"article:modified_time\" content=\"2023-02-14T07:57:17+00:00\" \/>\n<meta property=\"og:image\" content=\"https:\/\/www.leutenegger.com\/wp-content\/uploads\/2022\/12\/IMG_6328-Kopie22-Kopie2252-scaled.jpg\" \/>\n\t<meta property=\"og:image:width\" content=\"2000\" \/>\n\t<meta property=\"og:image:height\" content=\"1433\" \/>\n\t<meta property=\"og:image:type\" content=\"image\/jpeg\" \/>\n<meta name=\"author\" content=\"Patrick\" \/>\n<meta name=\"twitter:card\" content=\"summary_large_image\" \/>\n<meta name=\"twitter:label1\" content=\"Written by\" \/>\n\t<meta name=\"twitter:data1\" content=\"Patrick\" \/>\n\t<meta name=\"twitter:label2\" content=\"Est. reading time\" \/>\n\t<meta name=\"twitter:data2\" content=\"3 minutes\" \/>\n<script type=\"application\/ld+json\" class=\"yoast-schema-graph\">{\"@context\":\"https:\/\/schema.org\",\"@graph\":[{\"@type\":\"Article\",\"@id\":\"https:\/\/www.leutenegger.com\/lf-unterzeichnet-die-sicherheits-charta-der-suva\/#article\",\"isPartOf\":{\"@id\":\"https:\/\/www.leutenegger.com\/lf-unterzeichnet-die-sicherheits-charta-der-suva\/\"},\"author\":{\"name\":\"Patrick\",\"@id\":\"https:\/\/www.leutenegger.com\/#\/schema\/person\/a36ba376e056bb2ab3573136af4a75d6\"},\"headline\":\"L+F unterzeichnet die Sicherheits-Charta der SUVA\",\"datePublished\":\"2020-03-24T08:59:27+00:00\",\"dateModified\":\"2023-02-14T07:57:17+00:00\",\"mainEntityOfPage\":{\"@id\":\"https:\/\/www.leutenegger.com\/lf-unterzeichnet-die-sicherheits-charta-der-suva\/\"},\"wordCount\":977,\"publisher\":{\"@id\":\"https:\/\/www.leutenegger.com\/#organization\"},\"image\":{\"@id\":\"https:\/\/www.leutenegger.com\/lf-unterzeichnet-die-sicherheits-charta-der-suva\/#primaryimage\"},\"thumbnailUrl\":\"https:\/\/www.leutenegger.com\/wp-content\/uploads\/2022\/12\/IMG_6328-Kopie22-Kopie2252-scaled.jpg\",\"articleSection\":[\"Aktuell\"],\"inLanguage\":\"en-US\"},{\"@type\":\"WebPage\",\"@id\":\"https:\/\/www.leutenegger.com\/lf-unterzeichnet-die-sicherheits-charta-der-suva\/\",\"url\":\"https:\/\/www.leutenegger.com\/lf-unterzeichnet-die-sicherheits-charta-der-suva\/\",\"name\":\"L+F unterzeichnet die Sicherheits-Charta der SUVA &#8211; Leutenegger + Frei AG\",\"isPartOf\":{\"@id\":\"https:\/\/www.leutenegger.com\/#website\"},\"primaryImageOfPage\":{\"@id\":\"https:\/\/www.leutenegger.com\/lf-unterzeichnet-die-sicherheits-charta-der-suva\/#primaryimage\"},\"image\":{\"@id\":\"https:\/\/www.leutenegger.com\/lf-unterzeichnet-die-sicherheits-charta-der-suva\/#primaryimage\"},\"thumbnailUrl\":\"https:\/\/www.leutenegger.com\/wp-content\/uploads\/2022\/12\/IMG_6328-Kopie22-Kopie2252-scaled.jpg\",\"datePublished\":\"2020-03-24T08:59:27+00:00\",\"dateModified\":\"2023-02-14T07:57:17+00:00\",\"breadcrumb\":{\"@id\":\"https:\/\/www.leutenegger.com\/lf-unterzeichnet-die-sicherheits-charta-der-suva\/#breadcrumb\"},\"inLanguage\":\"en-US\",\"potentialAction\":[{\"@type\":\"ReadAction\",\"target\":[\"https:\/\/www.leutenegger.com\/lf-unterzeichnet-die-sicherheits-charta-der-suva\/\"]}]},{\"@type\":\"ImageObject\",\"inLanguage\":\"en-US\",\"@id\":\"https:\/\/www.leutenegger.com\/lf-unterzeichnet-die-sicherheits-charta-der-suva\/#primaryimage\",\"url\":\"https:\/\/www.leutenegger.com\/wp-content\/uploads\/2022\/12\/IMG_6328-Kopie22-Kopie2252-scaled.jpg\",\"contentUrl\":\"https:\/\/www.leutenegger.com\/wp-content\/uploads\/2022\/12\/IMG_6328-Kopie22-Kopie2252-scaled.jpg\",\"width\":2000,\"height\":1433},{\"@type\":\"BreadcrumbList\",\"@id\":\"https:\/\/www.leutenegger.com\/lf-unterzeichnet-die-sicherheits-charta-der-suva\/#breadcrumb\",\"itemListElement\":[{\"@type\":\"ListItem\",\"position\":1,\"name\":\"Home\",\"item\":\"https:\/\/www.leutenegger.com\/\"},{\"@type\":\"ListItem\",\"position\":2,\"name\":\"L+F unterzeichnet die Sicherheits-Charta der SUVA\"}]},{\"@type\":\"WebSite\",\"@id\":\"https:\/\/www.leutenegger.com\/#website\",\"url\":\"https:\/\/www.leutenegger.com\/\",\"name\":\"Leutenegger + Frei AG\",\"description\":\"Pulverbeschichtungsanlagen und Lackieranlagen \/ Backtechnik\",\"publisher\":{\"@id\":\"https:\/\/www.leutenegger.com\/#organization\"},\"potentialAction\":[{\"@type\":\"SearchAction\",\"target\":{\"@type\":\"EntryPoint\",\"urlTemplate\":\"https:\/\/www.leutenegger.com\/?s={search_term_string}\"},\"query-input\":{\"@type\":\"PropertyValueSpecification\",\"valueRequired\":true,\"valueName\":\"search_term_string\"}}],\"inLanguage\":\"en-US\"},{\"@type\":\"Organization\",\"@id\":\"https:\/\/www.leutenegger.com\/#organization\",\"name\":\"Leutenegger + Frei AG\",\"url\":\"https:\/\/www.leutenegger.com\/\",\"logo\":{\"@type\":\"ImageObject\",\"inLanguage\":\"en-US\",\"@id\":\"https:\/\/www.leutenegger.com\/#\/schema\/logo\/image\/\",\"url\":\"https:\/\/www.leutenegger.com\/wp-content\/uploads\/2022\/04\/LF_Logo_500px.png\",\"contentUrl\":\"https:\/\/www.leutenegger.com\/wp-content\/uploads\/2022\/04\/LF_Logo_500px.png\",\"width\":500,\"height\":123,\"caption\":\"Leutenegger + Frei AG\"},\"image\":{\"@id\":\"https:\/\/www.leutenegger.com\/#\/schema\/logo\/image\/\"}},{\"@type\":\"Person\",\"@id\":\"https:\/\/www.leutenegger.com\/#\/schema\/person\/a36ba376e056bb2ab3573136af4a75d6\",\"name\":\"Patrick\",\"image\":{\"@type\":\"ImageObject\",\"inLanguage\":\"en-US\",\"@id\":\"https:\/\/www.leutenegger.com\/#\/schema\/person\/image\/\",\"url\":\"https:\/\/secure.gravatar.com\/avatar\/e5cecc1363873efc19d335c20e535bab924b7d0c65cc5e58460ce6da273dd4d8?s=96&d=mm&r=g\",\"contentUrl\":\"https:\/\/secure.gravatar.com\/avatar\/e5cecc1363873efc19d335c20e535bab924b7d0c65cc5e58460ce6da273dd4d8?s=96&d=mm&r=g\",\"caption\":\"Patrick\"},\"sameAs\":[\"https:\/\/www.leutenegger.com\"]}]}<\/script>\n<!-- \/ Yoast SEO plugin. -->","yoast_head_json":{"title":"L+F unterzeichnet die Sicherheits-Charta der SUVA &#8211; Leutenegger + Frei AG","robots":{"index":"index","follow":"follow","max-snippet":"max-snippet:-1","max-image-preview":"max-image-preview:large","max-video-preview":"max-video-preview:-1"},"canonical":"https:\/\/www.leutenegger.com\/en\/lf-unterzeichnet-die-sicherheits-charta-der-suva\/","og_locale":"en_US","og_type":"article","og_title":"L+F unterzeichnet die Sicherheits-Charta der SUVA &#8211; Leutenegger + Frei AG","og_url":"https:\/\/www.leutenegger.com\/en\/lf-unterzeichnet-die-sicherheits-charta-der-suva\/","og_site_name":"Leutenegger + Frei AG","article_published_time":"2020-03-24T08:59:27+00:00","article_modified_time":"2023-02-14T07:57:17+00:00","og_image":[{"width":2000,"height":1433,"url":"https:\/\/www.leutenegger.com\/wp-content\/uploads\/2022\/12\/IMG_6328-Kopie22-Kopie2252-scaled.jpg","type":"image\/jpeg"}],"author":"Patrick","twitter_card":"summary_large_image","twitter_misc":{"Written by":"Patrick","Est. reading time":"3 minutes"},"schema":{"@context":"https:\/\/schema.org","@graph":[{"@type":"Article","@id":"https:\/\/www.leutenegger.com\/lf-unterzeichnet-die-sicherheits-charta-der-suva\/#article","isPartOf":{"@id":"https:\/\/www.leutenegger.com\/lf-unterzeichnet-die-sicherheits-charta-der-suva\/"},"author":{"name":"Patrick","@id":"https:\/\/www.leutenegger.com\/#\/schema\/person\/a36ba376e056bb2ab3573136af4a75d6"},"headline":"L+F unterzeichnet die Sicherheits-Charta der SUVA","datePublished":"2020-03-24T08:59:27+00:00","dateModified":"2023-02-14T07:57:17+00:00","mainEntityOfPage":{"@id":"https:\/\/www.leutenegger.com\/lf-unterzeichnet-die-sicherheits-charta-der-suva\/"},"wordCount":977,"publisher":{"@id":"https:\/\/www.leutenegger.com\/#organization"},"image":{"@id":"https:\/\/www.leutenegger.com\/lf-unterzeichnet-die-sicherheits-charta-der-suva\/#primaryimage"},"thumbnailUrl":"https:\/\/www.leutenegger.com\/wp-content\/uploads\/2022\/12\/IMG_6328-Kopie22-Kopie2252-scaled.jpg","articleSection":["Aktuell"],"inLanguage":"en-US"},{"@type":"WebPage","@id":"https:\/\/www.leutenegger.com\/lf-unterzeichnet-die-sicherheits-charta-der-suva\/","url":"https:\/\/www.leutenegger.com\/lf-unterzeichnet-die-sicherheits-charta-der-suva\/","name":"L+F unterzeichnet die Sicherheits-Charta der SUVA &#8211; Leutenegger + Frei AG","isPartOf":{"@id":"https:\/\/www.leutenegger.com\/#website"},"primaryImageOfPage":{"@id":"https:\/\/www.leutenegger.com\/lf-unterzeichnet-die-sicherheits-charta-der-suva\/#primaryimage"},"image":{"@id":"https:\/\/www.leutenegger.com\/lf-unterzeichnet-die-sicherheits-charta-der-suva\/#primaryimage"},"thumbnailUrl":"https:\/\/www.leutenegger.com\/wp-content\/uploads\/2022\/12\/IMG_6328-Kopie22-Kopie2252-scaled.jpg","datePublished":"2020-03-24T08:59:27+00:00","dateModified":"2023-02-14T07:57:17+00:00","breadcrumb":{"@id":"https:\/\/www.leutenegger.com\/lf-unterzeichnet-die-sicherheits-charta-der-suva\/#breadcrumb"},"inLanguage":"en-US","potentialAction":[{"@type":"ReadAction","target":["https:\/\/www.leutenegger.com\/lf-unterzeichnet-die-sicherheits-charta-der-suva\/"]}]},{"@type":"ImageObject","inLanguage":"en-US","@id":"https:\/\/www.leutenegger.com\/lf-unterzeichnet-die-sicherheits-charta-der-suva\/#primaryimage","url":"https:\/\/www.leutenegger.com\/wp-content\/uploads\/2022\/12\/IMG_6328-Kopie22-Kopie2252-scaled.jpg","contentUrl":"https:\/\/www.leutenegger.com\/wp-content\/uploads\/2022\/12\/IMG_6328-Kopie22-Kopie2252-scaled.jpg","width":2000,"height":1433},{"@type":"BreadcrumbList","@id":"https:\/\/www.leutenegger.com\/lf-unterzeichnet-die-sicherheits-charta-der-suva\/#breadcrumb","itemListElement":[{"@type":"ListItem","position":1,"name":"Home","item":"https:\/\/www.leutenegger.com\/"},{"@type":"ListItem","position":2,"name":"L+F unterzeichnet die Sicherheits-Charta der SUVA"}]},{"@type":"WebSite","@id":"https:\/\/www.leutenegger.com\/#website","url":"https:\/\/www.leutenegger.com\/","name":"Leutenegger + Frei AG","description":"Pulverbeschichtungsanlagen und Lackieranlagen \/ Backtechnik","publisher":{"@id":"https:\/\/www.leutenegger.com\/#organization"},"potentialAction":[{"@type":"SearchAction","target":{"@type":"EntryPoint","urlTemplate":"https:\/\/www.leutenegger.com\/?s={search_term_string}"},"query-input":{"@type":"PropertyValueSpecification","valueRequired":true,"valueName":"search_term_string"}}],"inLanguage":"en-US"},{"@type":"Organization","@id":"https:\/\/www.leutenegger.com\/#organization","name":"Leutenegger + Frei AG","url":"https:\/\/www.leutenegger.com\/","logo":{"@type":"ImageObject","inLanguage":"en-US","@id":"https:\/\/www.leutenegger.com\/#\/schema\/logo\/image\/","url":"https:\/\/www.leutenegger.com\/wp-content\/uploads\/2022\/04\/LF_Logo_500px.png","contentUrl":"https:\/\/www.leutenegger.com\/wp-content\/uploads\/2022\/04\/LF_Logo_500px.png","width":500,"height":123,"caption":"Leutenegger + Frei AG"},"image":{"@id":"https:\/\/www.leutenegger.com\/#\/schema\/logo\/image\/"}},{"@type":"Person","@id":"https:\/\/www.leutenegger.com\/#\/schema\/person\/a36ba376e056bb2ab3573136af4a75d6","name":"Patrick","image":{"@type":"ImageObject","inLanguage":"en-US","@id":"https:\/\/www.leutenegger.com\/#\/schema\/person\/image\/","url":"https:\/\/secure.gravatar.com\/avatar\/e5cecc1363873efc19d335c20e535bab924b7d0c65cc5e58460ce6da273dd4d8?s=96&d=mm&r=g","contentUrl":"https:\/\/secure.gravatar.com\/avatar\/e5cecc1363873efc19d335c20e535bab924b7d0c65cc5e58460ce6da273dd4d8?s=96&d=mm&r=g","caption":"Patrick"},"sameAs":["https:\/\/www.leutenegger.com"]}]}},"_links":{"self":[{"href":"https:\/\/www.leutenegger.com\/en\/wp-json\/wp\/v2\/posts\/24325","targetHints":{"allow":["GET"]}}],"collection":[{"href":"https:\/\/www.leutenegger.com\/en\/wp-json\/wp\/v2\/posts"}],"about":[{"href":"https:\/\/www.leutenegger.com\/en\/wp-json\/wp\/v2\/types\/post"}],"author":[{"embeddable":true,"href":"https:\/\/www.leutenegger.com\/en\/wp-json\/wp\/v2\/users\/1"}],"replies":[{"embeddable":true,"href":"https:\/\/www.leutenegger.com\/en\/wp-json\/wp\/v2\/comments?post=24325"}],"version-history":[{"count":17,"href":"https:\/\/www.leutenegger.com\/en\/wp-json\/wp\/v2\/posts\/24325\/revisions"}],"predecessor-version":[{"id":25854,"href":"https:\/\/www.leutenegger.com\/en\/wp-json\/wp\/v2\/posts\/24325\/revisions\/25854"}],"wp:featuredmedia":[{"embeddable":true,"href":"https:\/\/www.leutenegger.com\/en\/wp-json\/wp\/v2\/media\/25440"}],"wp:attachment":[{"href":"https:\/\/www.leutenegger.com\/en\/wp-json\/wp\/v2\/media?parent=24325"}],"wp:term":[{"taxonomy":"category","embeddable":true,"href":"https:\/\/www.leutenegger.com\/en\/wp-json\/wp\/v2\/categories?post=24325"},{"taxonomy":"post_tag","embeddable":true,"href":"https:\/\/www.leutenegger.com\/en\/wp-json\/wp\/v2\/tags?post=24325"}],"curies":[{"name":"wp","href":"https:\/\/api.w.org\/{rel}","templated":true}]}}