{"id":30491,"date":"2026-04-08T06:00:51","date_gmt":"2026-04-08T04:00:51","guid":{"rendered":"https:\/\/www.leutenegger.com\/?p=30491"},"modified":"2026-04-02T18:24:35","modified_gmt":"2026-04-02T16:24:35","slug":"leutenegger-frei-ag-treibt-internationalisierung-voran-und-staerkt-vertrieb-sowie-business-development","status":"publish","type":"post","link":"https:\/\/www.leutenegger.com\/en\/leutenegger-frei-ag-treibt-internationalisierung-voran-und-staerkt-vertrieb-sowie-business-development\/","title":{"rendered":"Leutenegger + Frei AG treibt Internationalisierung voran und st\u00e4rkt Vertrieb sowie Business Development"},"content":{"rendered":"<p><div class=\"fusion-fullwidth fullwidth-box fusion-builder-row-1 fusion-flex-container nonhundred-percent-fullwidth non-hundred-percent-height-scrolling\" style=\"--awb-border-radius-top-left:0px;--awb-border-radius-top-right:0px;--awb-border-radius-bottom-right:0px;--awb-border-radius-bottom-left:0px;--awb-flex-wrap:wrap;\" ><div class=\"fusion-builder-row fusion-row fusion-flex-align-items-flex-start fusion-flex-content-wrap\" style=\"max-width:1331.2px;margin-left: calc(-4% \/ 2 );margin-right: calc(-4% \/ 2 );\"><div class=\"fusion-layout-column fusion_builder_column fusion-builder-column-0 fusion_builder_column_1_1 1_1 fusion-flex-column\" style=\"--awb-bg-size:cover;--awb-width-large:100%;--awb-margin-top-large:15px;--awb-spacing-right-large:1.92%;--awb-margin-bottom-large:15px;--awb-spacing-left-large:1.92%;--awb-width-medium:100%;--awb-order-medium:0;--awb-spacing-right-medium:1.92%;--awb-spacing-left-medium:1.92%;--awb-width-small:100%;--awb-order-small:0;--awb-spacing-right-small:1.92%;--awb-spacing-left-small:1.92%;\"><div class=\"fusion-column-wrapper fusion-column-has-shadow fusion-flex-justify-content-flex-start fusion-content-layout-column\"><div class=\"fusion-title title fusion-title-1 fusion-title-text fusion-title-size-one\" style=\"--awb-text-color:var(--awb-color1);\"><div class=\"title-sep-container title-sep-container-left fusion-no-large-visibility fusion-no-medium-visibility fusion-no-small-visibility\"><div class=\"title-sep sep- sep-solid\" style=\"border-color:#e0dede;\"><\/div><\/div><span class=\"awb-title-spacer fusion-no-large-visibility fusion-no-medium-visibility fusion-no-small-visibility\"><\/span><h1 class=\"fusion-title-heading title-heading-left fusion-responsive-typography-calculated\" style=\"font-family:var(--awb-typography1-font-family);font-weight:var(--awb-typography1-font-weight);font-style:var(--awb-typography1-font-style);margin:0;--fontSize:48;line-height:var(--awb-typography1-line-height);\">Leutenegger + Frei AG treibt Internationalisierung voran und st\u00e4rkt Vertrieb sowie Business Development<\/h1><span class=\"awb-title-spacer\"><\/span><div class=\"title-sep-container title-sep-container-right\"><div class=\"title-sep sep- sep-solid\" style=\"border-color:#e0dede;\"><\/div><\/div><\/div><div class=\"fusion-text fusion-text-1\"><p><strong>PRESSEMITTEILUNG &#8211; PRESS RELEASE<\/strong><\/p>\n<p><strong>Leutenegger + Frei AG treibt Internationalisierung voran und st\u00e4rkt Vertrieb sowie Business Development<\/strong><\/p>\n<p>Andwil, 8. April 2026 \u2013 Als f\u00fchrender Anbieter von anspruchsvollen Gesamtanlagen f\u00fcr die Nasslack- und Pulverbeschichtung treibt Leutenegger + Frei seine strategische Weiterentwicklung konsequent voran. Im Mittelpunkt stehen der weitere Marktausbau, eine noch st\u00e4rkere Kundenn\u00e4he sowie der nachhaltige Ausbau der internationalen Pr\u00e4senz. Die Verst\u00e4rkung im Vertrieb und die neu geschaffene Funktion Business Development sind dabei wichtige Bausteine, um diese strategische Ausrichtung gezielt zu unterst\u00fctzen.<\/p>\n<p><strong>Marcus Pott verst\u00e4rkt den Vertrieb in Deutschland und International<\/strong><\/p>\n<p>Zum 1. Mai 2026 startet Marcus Pott als Sales Manager Deutschland bei Leutenegger + Frei. Er verf\u00fcgt \u00fcber langj\u00e4hrige Erfahrung in der Beschichtungsindustrie und bringt umfassende Expertise in der Pulverapplikations- und Oberfl\u00e4chentechnik sowie im Anlagenbau mit. Mit seiner ausgepr\u00e4gten Vertriebs- und Praxiserfahrung wird er den Ausbau des deutschen Marktes vorantreiben, die Vertriebsaktivit\u00e4ten international unterst\u00fctzen und mit seinem Know-how die Kunden von Leutenegger + Frei bei der Einf\u00fchrung von Nasslack- und Pulverbeschichtungsprozessen begleiten.<\/p>\n<p><strong>Christian Dreszig verst\u00e4rkt die strategische Gesch\u00e4ftsentwicklung<\/strong><\/p>\n<p>Christian Dreszig verst\u00e4rkt Leutenegger + Frei als Head Business Development. Er bringt umfassende Erfahrung in den Bereichen Chemie, Anlagenbau, Beratung in Nachhaltigkeit sowie internationaler Vertrieb und Marketing mit. Mit seinem strategischen Verst\u00e4ndnis und seiner internationalen Perspektive wird er die Gesch\u00e4ftsentwicklung und Positionierung des Unternehmens aktiv mit vorantreiben sowie wichtige Impulse f\u00fcr die weitere Internationalisierung des Unternehmens setzen.<\/p>\n<p>\u201eMit der Verst\u00e4rkung durch Marcus Pott und Christian Dreszig setzen wir unseren Plan konsequent fort, das Unternehmen strategisch weiterzuentwickeln und international breiter aufzustellen. Marcus Pott wird mit seiner grossen Erfahrung unsere Vertriebsaktivit\u00e4ten weiter st\u00e4rken. Christian Dreszig wird mit seinem strategischen und internationalen Hintergrund uns wichtige Impulse f\u00fcr die Gesch\u00e4fts- und Marktentwicklung geben. Beide Besetzungen sind f\u00fcr uns ein wichtiger Schritt, um Wachstum, Kundenn\u00e4he und Internationalisierung gezielt voranzutreiben\u201c, sagt Stefan Matti, Inhaber und CEO von Leutenegger + Frei.<\/p>\n<p><strong>\u00dcber Leutenegger + Frei AG<\/strong><\/p>\n<p>Die Leutenegger + Frei AG ist ein f\u00fchrender Systemanbieter f\u00fcr Oberfl\u00e4chentechnik. Das Unternehmen entwickelt, plant und realisiert Anlagenl\u00f6sungen f\u00fcr industrielle Nasslackier- und Pulverbeschichtungsprozesse und erg\u00e4nzt diese durch Services zur Optimierung von Effizienz, Qualit\u00e4t und Nachhaltigkeit.<\/p>\n<p>Weitere Informationen: <a href=\"http:\/\/www.leutenegger.com\/en\/\">www.leutenegger.com<\/a><\/p>\n<p><strong>Contact<\/strong><\/p>\n<p>Christian Dreszig<br \/>\nHead Business Development<br \/>\nLeutenegger + Frei AG<br \/>\n+41 (0)78 890 91 78<br \/>\n<a href=\"mailto:christian.dreszig@leutenegger.com\">christian.dreszig@leutenegger.com<\/a><\/p>\n<\/div><div ><a class=\"fusion-button button-flat fusion-button-default-size button-default fusion-button-default button-1 fusion-button-default-span fusion-button-default-type\" style=\"--button-border-radius-top-left:4px;--button-border-radius-top-right:4px;--button-border-radius-bottom-right:4px;--button-border-radius-bottom-left:4px;\" target=\"_blank\" rel=\"noopener noreferrer\" href=\"https:\/\/www.leutenegger.com\/wp-content\/uploads\/2026\/04\/PR_LF_Personelles_20260408.pdf\"><span class=\"fusion-button-text awb-button__text awb-button__text--default\">Download Pressemitteilung<\/span><\/a><\/div><div class=\"fusion-separator fusion-full-width-sep\" style=\"align-self: center;margin-left: auto;margin-right: auto;width:100%;\"><div class=\"fusion-separator-border sep-double\" style=\"--awb-height:20px;--awb-amount:20px;border-color:#eaeaea;border-top-width:1px;border-bottom-width:1px;\"><\/div><\/div><\/div><\/div><\/div><\/div><div class=\"fusion-fullwidth fullwidth-box fusion-builder-row-2 fusion-flex-container has-pattern-background has-mask-background nonhundred-percent-fullwidth non-hundred-percent-height-scrolling\" style=\"--awb-border-radius-top-left:0px;--awb-border-radius-top-right:0px;--awb-border-radius-bottom-right:0px;--awb-border-radius-bottom-left:0px;--awb-flex-wrap:wrap;\" ><div class=\"fusion-builder-row fusion-row fusion-flex-align-items-flex-start fusion-flex-content-wrap\" style=\"max-width:1331.2px;margin-left: calc(-4% \/ 2 );margin-right: calc(-4% \/ 2 );\"><div class=\"fusion-layout-column fusion_builder_column fusion-builder-column-1 fusion_builder_column_1_1 1_1 fusion-flex-column\" style=\"--awb-bg-size:cover;--awb-width-large:100%;--awb-margin-top-large:15px;--awb-spacing-right-large:1.92%;--awb-margin-bottom-large:15px;--awb-spacing-left-large:1.92%;--awb-width-medium:100%;--awb-order-medium:0;--awb-spacing-right-medium:1.92%;--awb-spacing-left-medium:1.92%;--awb-width-small:100%;--awb-order-small:0;--awb-spacing-right-small:1.92%;--awb-spacing-left-small:1.92%;\"><div class=\"fusion-column-wrapper fusion-column-has-shadow fusion-flex-justify-content-flex-start fusion-content-layout-column\"><div class=\"fusion-title title fusion-title-2 fusion-title-text fusion-title-size-div\" style=\"--awb-text-color:var(--awb-color6);--awb-margin-top:0px;--awb-margin-bottom:10px;--awb-margin-bottom-small:10PX;--awb-sep-color:var(--awb-color3);--awb-font-size:var(--awb-custom_typography_1-font-size);\"><div class=\"title-sep-container title-sep-container-left fusion-no-large-visibility fusion-no-medium-visibility fusion-no-small-visibility\"><div class=\"title-sep sep- sep-solid\" style=\"border-color:var(--awb-color3);\"><\/div><\/div><span class=\"awb-title-spacer fusion-no-large-visibility fusion-no-medium-visibility fusion-no-small-visibility\"><\/span><div class=\"fusion-title-heading title-heading-left title-heading-tag fusion-responsive-typography-calculated\" style=\"font-family:var(--awb-custom_typography_1-font-family);font-weight:var(--awb-custom_typography_1-font-weight);font-style:var(--awb-custom_typography_1-font-style);margin:0;letter-spacing:var(--awb-custom_typography_1-letter-spacing);text-transform:var(--awb-custom_typography_1-text-transform);font-size:1em;--fontSize:36;line-height:var(--awb-custom_typography_1-line-height);\"><span style=\"color: #d90000;\">Leutenegger + Frei AG advances internationalisation and strengthens Sales and Business Development<\/span><\/div><span class=\"awb-title-spacer\"><\/span><div class=\"title-sep-container title-sep-container-right\"><div class=\"title-sep sep- sep-solid\" style=\"border-color:var(--awb-color3);\"><\/div><\/div><\/div><div class=\"fusion-text fusion-text-2\"><p>Andwil, 8 April 2026 \u2013 Leutenegger + Frei, a leading provider of sophisticated turnkey systems for liquid paint and powder coating, is continuing to drive its strategic development forward. The company is focused on further expanding its market presence, strengthening customer proximity and sustainably growing its international footprint. The expansion of its sales organisation and the creation of the new Business Development function are key steps in supporting this strategic direction.<\/p>\n<p><strong>Marcus Pott strengthens Sales in Germany and internationally<\/strong><\/p>\n<p>Effective 1 May 2026, Marcus Pott will join Leutenegger + Frei as Sales Manager Germany. He brings many years of experience in the coatings industry, along with extensive expertise in powder application, surface technology and plant engineering. With his strong sales background and hands-on industry experience, he will drive the further development of the German market, support international sales activities and use his expertise to help Leutenegger + Frei customers implement liquid paint and powder coating processes.<\/p>\n<p><strong>Christian Dreszig strengthens strategic Business Development<\/strong><\/p>\n<p><strong>\u00a0<\/strong><\/p>\n<p>Christian Dreszig strengthens Leutenegger + Frei as Head of Business Development. He brings broad experience in chemistry, plant engineering, sustainability consulting, as well as international sales and marketing. With his strategic mindset and international perspective, he is helping to drive the company\u2019s business development and market positioning while providing valuable momentum for its continued international expansion.<\/p>\n<p>\u201cBy appointing Marcus Pott and Christian Dreszig, we are continuing to execute our plan to further develop the company strategically and broaden our international presence. Marcus Pott will strengthen our sales activities in Germany and internationally with his extensive experience. Christian Dreszig will contribute valuable strategic and international expertise to support our business and market development. These two appointments mark an important step in advancing growth, customer proximity and internationalisation in a focused and sustainable way,\u201d says Stefan Matti, Owner and CEO of Leutenegger + Frei.<\/p>\n<p><strong>About<\/strong><\/p>\n<p>Leutenegger + Frei AG is a leading supplier of coating systems for surface finishing and coating. The company designs and delivers system solutions for industrial coating processes and complements these with services aimed at optimizing efficiency, quality, and sustainability.<\/p>\n<p>Further Information: <a href=\"http:\/\/www.leutenegger.com\/en\/\">www.leutenegger.com<\/a><\/p>\n<p><strong>Contact<\/strong><\/p>\n<p>Christian Dreszig<br \/>\nHead Business Development<br \/>\nLeutenegger + Frei AG<br \/>\n+41 (0)78 890 91 78<br \/>\n<a href=\"mailto:christian.dreszig@leutenegger.com\">christian.dreszig@leutenegger.com<\/a><\/p>\n<\/div><div ><a class=\"fusion-button button-flat fusion-button-default-size button-default fusion-button-default button-2 fusion-button-default-span fusion-button-default-type\" style=\"--button-border-radius-top-left:4px;--button-border-radius-top-right:4px;--button-border-radius-bottom-right:4px;--button-border-radius-bottom-left:4px;\" target=\"_blank\" rel=\"noopener noreferrer\" href=\"https:\/\/www.leutenegger.com\/wp-content\/uploads\/2026\/04\/PR_LF_Personelles_20260408.pdf\"><span class=\"fusion-button-text awb-button__text awb-button__text--default\">Download Press release<\/span><\/a><\/div><\/div><\/div><\/div><\/div><\/p>","protected":false},"excerpt":{"rendered":"<p>Interview mit Roland Benz, Verkaufsleiter der Leutenegger + Frei AG.<\/p>","protected":false},"author":5,"featured_media":30496,"comment_status":"closed","ping_status":"closed","sticky":false,"template":"","format":"standard","meta":{"footnotes":""},"categories":[1],"tags":[],"class_list":["post-30491","post","type-post","status-publish","format-standard","has-post-thumbnail","hentry","category-aktuell"],"acf":[],"yoast_head":"<!-- This site is optimized with the Yoast SEO plugin v26.7 - https:\/\/yoast.com\/wordpress\/plugins\/seo\/ -->\n<title>Leutenegger + Frei AG treibt Internationalisierung voran und st\u00e4rkt Vertrieb sowie Business Development &#8211; Leutenegger + Frei AG<\/title>\n<meta name=\"robots\" content=\"index, follow, max-snippet:-1, max-image-preview:large, max-video-preview:-1\" \/>\n<link rel=\"canonical\" href=\"https:\/\/www.leutenegger.com\/en\/leutenegger-frei-ag-treibt-internationalisierung-voran-und-staerkt-vertrieb-sowie-business-development\/\" \/>\n<meta property=\"og:locale\" content=\"en_US\" \/>\n<meta property=\"og:type\" content=\"article\" \/>\n<meta property=\"og:title\" content=\"Leutenegger + Frei AG treibt Internationalisierung voran und st\u00e4rkt Vertrieb sowie Business Development &#8211; Leutenegger + Frei AG\" \/>\n<meta property=\"og:description\" content=\"Interview mit Roland Benz, Verkaufsleiter der Leutenegger + Frei AG.\" \/>\n<meta property=\"og:url\" content=\"https:\/\/www.leutenegger.com\/en\/leutenegger-frei-ag-treibt-internationalisierung-voran-und-staerkt-vertrieb-sowie-business-development\/\" \/>\n<meta property=\"og:site_name\" content=\"Leutenegger + Frei AG\" \/>\n<meta property=\"article:published_time\" content=\"2026-04-08T04:00:51+00:00\" \/>\n<meta property=\"og:image\" content=\"https:\/\/www.leutenegger.com\/wp-content\/uploads\/2026\/04\/IMG_0152.jpeg\" \/>\n\t<meta property=\"og:image:width\" content=\"1594\" \/>\n\t<meta property=\"og:image:height\" content=\"1167\" \/>\n\t<meta property=\"og:image:type\" content=\"image\/jpeg\" \/>\n<meta name=\"author\" content=\"Stefan Matti\" \/>\n<meta name=\"twitter:card\" content=\"summary_large_image\" \/>\n<meta name=\"twitter:label1\" content=\"Written by\" \/>\n\t<meta name=\"twitter:data1\" content=\"Stefan Matti\" \/>\n\t<meta name=\"twitter:label2\" content=\"Est. reading time\" \/>\n\t<meta name=\"twitter:data2\" content=\"5 minutes\" \/>\n<script type=\"application\/ld+json\" class=\"yoast-schema-graph\">{\"@context\":\"https:\/\/schema.org\",\"@graph\":[{\"@type\":\"Article\",\"@id\":\"https:\/\/www.leutenegger.com\/leutenegger-frei-ag-treibt-internationalisierung-voran-und-staerkt-vertrieb-sowie-business-development\/#article\",\"isPartOf\":{\"@id\":\"https:\/\/www.leutenegger.com\/leutenegger-frei-ag-treibt-internationalisierung-voran-und-staerkt-vertrieb-sowie-business-development\/\"},\"author\":{\"name\":\"Stefan Matti\",\"@id\":\"https:\/\/www.leutenegger.com\/#\/schema\/person\/b567150bc2c00579b5e0f8e69c8eb640\"},\"headline\":\"Leutenegger + Frei AG treibt Internationalisierung voran und st\u00e4rkt Vertrieb sowie Business Development\",\"datePublished\":\"2026-04-08T04:00:51+00:00\",\"mainEntityOfPage\":{\"@id\":\"https:\/\/www.leutenegger.com\/leutenegger-frei-ag-treibt-internationalisierung-voran-und-staerkt-vertrieb-sowie-business-development\/\"},\"wordCount\":3413,\"publisher\":{\"@id\":\"https:\/\/www.leutenegger.com\/#organization\"},\"image\":{\"@id\":\"https:\/\/www.leutenegger.com\/leutenegger-frei-ag-treibt-internationalisierung-voran-und-staerkt-vertrieb-sowie-business-development\/#primaryimage\"},\"thumbnailUrl\":\"https:\/\/www.leutenegger.com\/wp-content\/uploads\/2026\/04\/IMG_0152.jpeg\",\"articleSection\":[\"Aktuell\"],\"inLanguage\":\"en-US\"},{\"@type\":\"WebPage\",\"@id\":\"https:\/\/www.leutenegger.com\/leutenegger-frei-ag-treibt-internationalisierung-voran-und-staerkt-vertrieb-sowie-business-development\/\",\"url\":\"https:\/\/www.leutenegger.com\/leutenegger-frei-ag-treibt-internationalisierung-voran-und-staerkt-vertrieb-sowie-business-development\/\",\"name\":\"Leutenegger + Frei AG treibt Internationalisierung voran und st\u00e4rkt Vertrieb sowie Business Development &#8211; Leutenegger + Frei AG\",\"isPartOf\":{\"@id\":\"https:\/\/www.leutenegger.com\/#website\"},\"primaryImageOfPage\":{\"@id\":\"https:\/\/www.leutenegger.com\/leutenegger-frei-ag-treibt-internationalisierung-voran-und-staerkt-vertrieb-sowie-business-development\/#primaryimage\"},\"image\":{\"@id\":\"https:\/\/www.leutenegger.com\/leutenegger-frei-ag-treibt-internationalisierung-voran-und-staerkt-vertrieb-sowie-business-development\/#primaryimage\"},\"thumbnailUrl\":\"https:\/\/www.leutenegger.com\/wp-content\/uploads\/2026\/04\/IMG_0152.jpeg\",\"datePublished\":\"2026-04-08T04:00:51+00:00\",\"breadcrumb\":{\"@id\":\"https:\/\/www.leutenegger.com\/leutenegger-frei-ag-treibt-internationalisierung-voran-und-staerkt-vertrieb-sowie-business-development\/#breadcrumb\"},\"inLanguage\":\"en-US\",\"potentialAction\":[{\"@type\":\"ReadAction\",\"target\":[\"https:\/\/www.leutenegger.com\/leutenegger-frei-ag-treibt-internationalisierung-voran-und-staerkt-vertrieb-sowie-business-development\/\"]}]},{\"@type\":\"ImageObject\",\"inLanguage\":\"en-US\",\"@id\":\"https:\/\/www.leutenegger.com\/leutenegger-frei-ag-treibt-internationalisierung-voran-und-staerkt-vertrieb-sowie-business-development\/#primaryimage\",\"url\":\"https:\/\/www.leutenegger.com\/wp-content\/uploads\/2026\/04\/IMG_0152.jpeg\",\"contentUrl\":\"https:\/\/www.leutenegger.com\/wp-content\/uploads\/2026\/04\/IMG_0152.jpeg\",\"width\":1594,\"height\":1167},{\"@type\":\"BreadcrumbList\",\"@id\":\"https:\/\/www.leutenegger.com\/leutenegger-frei-ag-treibt-internationalisierung-voran-und-staerkt-vertrieb-sowie-business-development\/#breadcrumb\",\"itemListElement\":[{\"@type\":\"ListItem\",\"position\":1,\"name\":\"Home\",\"item\":\"https:\/\/www.leutenegger.com\/\"},{\"@type\":\"ListItem\",\"position\":2,\"name\":\"Leutenegger + Frei AG treibt Internationalisierung voran und st\u00e4rkt Vertrieb sowie Business Development\"}]},{\"@type\":\"WebSite\",\"@id\":\"https:\/\/www.leutenegger.com\/#website\",\"url\":\"https:\/\/www.leutenegger.com\/\",\"name\":\"Leutenegger + Frei AG\",\"description\":\"Pulverbeschichtungsanlagen und Lackieranlagen \/ Backtechnik\",\"publisher\":{\"@id\":\"https:\/\/www.leutenegger.com\/#organization\"},\"potentialAction\":[{\"@type\":\"SearchAction\",\"target\":{\"@type\":\"EntryPoint\",\"urlTemplate\":\"https:\/\/www.leutenegger.com\/?s={search_term_string}\"},\"query-input\":{\"@type\":\"PropertyValueSpecification\",\"valueRequired\":true,\"valueName\":\"search_term_string\"}}],\"inLanguage\":\"en-US\"},{\"@type\":\"Organization\",\"@id\":\"https:\/\/www.leutenegger.com\/#organization\",\"name\":\"Leutenegger + Frei AG\",\"url\":\"https:\/\/www.leutenegger.com\/\",\"logo\":{\"@type\":\"ImageObject\",\"inLanguage\":\"en-US\",\"@id\":\"https:\/\/www.leutenegger.com\/#\/schema\/logo\/image\/\",\"url\":\"https:\/\/www.leutenegger.com\/wp-content\/uploads\/2022\/04\/LF_Logo_500px.png\",\"contentUrl\":\"https:\/\/www.leutenegger.com\/wp-content\/uploads\/2022\/04\/LF_Logo_500px.png\",\"width\":500,\"height\":123,\"caption\":\"Leutenegger + Frei AG\"},\"image\":{\"@id\":\"https:\/\/www.leutenegger.com\/#\/schema\/logo\/image\/\"}},{\"@type\":\"Person\",\"@id\":\"https:\/\/www.leutenegger.com\/#\/schema\/person\/b567150bc2c00579b5e0f8e69c8eb640\",\"name\":\"Stefan Matti\",\"image\":{\"@type\":\"ImageObject\",\"inLanguage\":\"en-US\",\"@id\":\"https:\/\/www.leutenegger.com\/#\/schema\/person\/image\/\",\"url\":\"https:\/\/secure.gravatar.com\/avatar\/a4955054fc0939b3b2cf8b08f0a24c3f116853b40504ddfaa046ae7205ddc15b?s=96&d=mm&r=g\",\"contentUrl\":\"https:\/\/secure.gravatar.com\/avatar\/a4955054fc0939b3b2cf8b08f0a24c3f116853b40504ddfaa046ae7205ddc15b?s=96&d=mm&r=g\",\"caption\":\"Stefan Matti\"}}]}<\/script>\n<!-- \/ Yoast SEO plugin. -->","yoast_head_json":{"title":"Leutenegger + Frei AG treibt Internationalisierung voran und st\u00e4rkt Vertrieb sowie Business Development &#8211; Leutenegger + Frei AG","robots":{"index":"index","follow":"follow","max-snippet":"max-snippet:-1","max-image-preview":"max-image-preview:large","max-video-preview":"max-video-preview:-1"},"canonical":"https:\/\/www.leutenegger.com\/en\/leutenegger-frei-ag-treibt-internationalisierung-voran-und-staerkt-vertrieb-sowie-business-development\/","og_locale":"en_US","og_type":"article","og_title":"Leutenegger + Frei AG treibt Internationalisierung voran und st\u00e4rkt Vertrieb sowie Business Development &#8211; Leutenegger + Frei AG","og_description":"Interview mit Roland Benz, Verkaufsleiter der Leutenegger + Frei AG.","og_url":"https:\/\/www.leutenegger.com\/en\/leutenegger-frei-ag-treibt-internationalisierung-voran-und-staerkt-vertrieb-sowie-business-development\/","og_site_name":"Leutenegger + Frei AG","article_published_time":"2026-04-08T04:00:51+00:00","og_image":[{"width":1594,"height":1167,"url":"https:\/\/www.leutenegger.com\/wp-content\/uploads\/2026\/04\/IMG_0152.jpeg","type":"image\/jpeg"}],"author":"Stefan Matti","twitter_card":"summary_large_image","twitter_misc":{"Written by":"Stefan Matti","Est. reading time":"5 minutes"},"schema":{"@context":"https:\/\/schema.org","@graph":[{"@type":"Article","@id":"https:\/\/www.leutenegger.com\/leutenegger-frei-ag-treibt-internationalisierung-voran-und-staerkt-vertrieb-sowie-business-development\/#article","isPartOf":{"@id":"https:\/\/www.leutenegger.com\/leutenegger-frei-ag-treibt-internationalisierung-voran-und-staerkt-vertrieb-sowie-business-development\/"},"author":{"name":"Stefan Matti","@id":"https:\/\/www.leutenegger.com\/#\/schema\/person\/b567150bc2c00579b5e0f8e69c8eb640"},"headline":"Leutenegger + Frei AG treibt Internationalisierung voran und st\u00e4rkt Vertrieb sowie Business Development","datePublished":"2026-04-08T04:00:51+00:00","mainEntityOfPage":{"@id":"https:\/\/www.leutenegger.com\/leutenegger-frei-ag-treibt-internationalisierung-voran-und-staerkt-vertrieb-sowie-business-development\/"},"wordCount":3413,"publisher":{"@id":"https:\/\/www.leutenegger.com\/#organization"},"image":{"@id":"https:\/\/www.leutenegger.com\/leutenegger-frei-ag-treibt-internationalisierung-voran-und-staerkt-vertrieb-sowie-business-development\/#primaryimage"},"thumbnailUrl":"https:\/\/www.leutenegger.com\/wp-content\/uploads\/2026\/04\/IMG_0152.jpeg","articleSection":["Aktuell"],"inLanguage":"en-US"},{"@type":"WebPage","@id":"https:\/\/www.leutenegger.com\/leutenegger-frei-ag-treibt-internationalisierung-voran-und-staerkt-vertrieb-sowie-business-development\/","url":"https:\/\/www.leutenegger.com\/leutenegger-frei-ag-treibt-internationalisierung-voran-und-staerkt-vertrieb-sowie-business-development\/","name":"Leutenegger + Frei AG treibt Internationalisierung voran und st\u00e4rkt Vertrieb sowie Business Development &#8211; Leutenegger + Frei AG","isPartOf":{"@id":"https:\/\/www.leutenegger.com\/#website"},"primaryImageOfPage":{"@id":"https:\/\/www.leutenegger.com\/leutenegger-frei-ag-treibt-internationalisierung-voran-und-staerkt-vertrieb-sowie-business-development\/#primaryimage"},"image":{"@id":"https:\/\/www.leutenegger.com\/leutenegger-frei-ag-treibt-internationalisierung-voran-und-staerkt-vertrieb-sowie-business-development\/#primaryimage"},"thumbnailUrl":"https:\/\/www.leutenegger.com\/wp-content\/uploads\/2026\/04\/IMG_0152.jpeg","datePublished":"2026-04-08T04:00:51+00:00","breadcrumb":{"@id":"https:\/\/www.leutenegger.com\/leutenegger-frei-ag-treibt-internationalisierung-voran-und-staerkt-vertrieb-sowie-business-development\/#breadcrumb"},"inLanguage":"en-US","potentialAction":[{"@type":"ReadAction","target":["https:\/\/www.leutenegger.com\/leutenegger-frei-ag-treibt-internationalisierung-voran-und-staerkt-vertrieb-sowie-business-development\/"]}]},{"@type":"ImageObject","inLanguage":"en-US","@id":"https:\/\/www.leutenegger.com\/leutenegger-frei-ag-treibt-internationalisierung-voran-und-staerkt-vertrieb-sowie-business-development\/#primaryimage","url":"https:\/\/www.leutenegger.com\/wp-content\/uploads\/2026\/04\/IMG_0152.jpeg","contentUrl":"https:\/\/www.leutenegger.com\/wp-content\/uploads\/2026\/04\/IMG_0152.jpeg","width":1594,"height":1167},{"@type":"BreadcrumbList","@id":"https:\/\/www.leutenegger.com\/leutenegger-frei-ag-treibt-internationalisierung-voran-und-staerkt-vertrieb-sowie-business-development\/#breadcrumb","itemListElement":[{"@type":"ListItem","position":1,"name":"Home","item":"https:\/\/www.leutenegger.com\/"},{"@type":"ListItem","position":2,"name":"Leutenegger + Frei AG treibt Internationalisierung voran und st\u00e4rkt Vertrieb sowie Business Development"}]},{"@type":"WebSite","@id":"https:\/\/www.leutenegger.com\/#website","url":"https:\/\/www.leutenegger.com\/","name":"Leutenegger + Frei AG","description":"Pulverbeschichtungsanlagen und Lackieranlagen \/ Backtechnik","publisher":{"@id":"https:\/\/www.leutenegger.com\/#organization"},"potentialAction":[{"@type":"SearchAction","target":{"@type":"EntryPoint","urlTemplate":"https:\/\/www.leutenegger.com\/?s={search_term_string}"},"query-input":{"@type":"PropertyValueSpecification","valueRequired":true,"valueName":"search_term_string"}}],"inLanguage":"en-US"},{"@type":"Organization","@id":"https:\/\/www.leutenegger.com\/#organization","name":"Leutenegger + Frei AG","url":"https:\/\/www.leutenegger.com\/","logo":{"@type":"ImageObject","inLanguage":"en-US","@id":"https:\/\/www.leutenegger.com\/#\/schema\/logo\/image\/","url":"https:\/\/www.leutenegger.com\/wp-content\/uploads\/2022\/04\/LF_Logo_500px.png","contentUrl":"https:\/\/www.leutenegger.com\/wp-content\/uploads\/2022\/04\/LF_Logo_500px.png","width":500,"height":123,"caption":"Leutenegger + Frei AG"},"image":{"@id":"https:\/\/www.leutenegger.com\/#\/schema\/logo\/image\/"}},{"@type":"Person","@id":"https:\/\/www.leutenegger.com\/#\/schema\/person\/b567150bc2c00579b5e0f8e69c8eb640","name":"Stefan Matti","image":{"@type":"ImageObject","inLanguage":"en-US","@id":"https:\/\/www.leutenegger.com\/#\/schema\/person\/image\/","url":"https:\/\/secure.gravatar.com\/avatar\/a4955054fc0939b3b2cf8b08f0a24c3f116853b40504ddfaa046ae7205ddc15b?s=96&d=mm&r=g","contentUrl":"https:\/\/secure.gravatar.com\/avatar\/a4955054fc0939b3b2cf8b08f0a24c3f116853b40504ddfaa046ae7205ddc15b?s=96&d=mm&r=g","caption":"Stefan Matti"}}]}},"_links":{"self":[{"href":"https:\/\/www.leutenegger.com\/en\/wp-json\/wp\/v2\/posts\/30491","targetHints":{"allow":["GET"]}}],"collection":[{"href":"https:\/\/www.leutenegger.com\/en\/wp-json\/wp\/v2\/posts"}],"about":[{"href":"https:\/\/www.leutenegger.com\/en\/wp-json\/wp\/v2\/types\/post"}],"author":[{"embeddable":true,"href":"https:\/\/www.leutenegger.com\/en\/wp-json\/wp\/v2\/users\/5"}],"replies":[{"embeddable":true,"href":"https:\/\/www.leutenegger.com\/en\/wp-json\/wp\/v2\/comments?post=30491"}],"version-history":[{"count":8,"href":"https:\/\/www.leutenegger.com\/en\/wp-json\/wp\/v2\/posts\/30491\/revisions"}],"predecessor-version":[{"id":30499,"href":"https:\/\/www.leutenegger.com\/en\/wp-json\/wp\/v2\/posts\/30491\/revisions\/30499"}],"wp:featuredmedia":[{"embeddable":true,"href":"https:\/\/www.leutenegger.com\/en\/wp-json\/wp\/v2\/media\/30496"}],"wp:attachment":[{"href":"https:\/\/www.leutenegger.com\/en\/wp-json\/wp\/v2\/media?parent=30491"}],"wp:term":[{"taxonomy":"category","embeddable":true,"href":"https:\/\/www.leutenegger.com\/en\/wp-json\/wp\/v2\/categories?post=30491"},{"taxonomy":"post_tag","embeddable":true,"href":"https:\/\/www.leutenegger.com\/en\/wp-json\/wp\/v2\/tags?post=30491"}],"curies":[{"name":"wp","href":"https:\/\/api.w.org\/{rel}","templated":true}]}}